{"id":224,"date":"2025-10-15T15:26:54","date_gmt":"2025-10-15T15:26:54","guid":{"rendered":"https:\/\/obp.cat\/?p=224"},"modified":"2025-10-15T15:27:18","modified_gmt":"2025-10-15T15:27:18","slug":"73a-trobada-sardanista-a-montserrat","status":"publish","type":"post","link":"https:\/\/obp.cat\/index.php\/2025\/10\/15\/73a-trobada-sardanista-a-montserrat\/","title":{"rendered":"73a Trobada sardanista a Montserrat"},"content":{"rendered":"<p>El pr\u00f2xim diumenge 26 d&#8217;octubre, gran diada a Montserrat per celebrar els 75 anys de la nostra Instituci\u00f3 en el marc del Mil\u00b7lenari. La cobla Vila d&#8217;Olesa, estrenar\u00e0 una sardana de Josep Cass\u00fa durant la ballada, una composici\u00f3 que porta per t\u00edtol &#8216;Festejant 75 anys a Montserrat&#8217;. Us hi esperem! M\u00e9s informaci\u00f3 en aquesta not\u00edcia: <a href=\"https:\/\/somsardana.cat\/sardanisme\/noticies\/montserrat-trobada-sardanista-millenari\"><strong>https:\/\/somsardana.cat\/sardanisme\/noticies\/montserrat-trobada-sardanista-millenari<\/strong><\/a><\/p>\n<p><img loading=\"lazy\" decoding=\"async\" class=\"alignnone size-full wp-image-225\" src=\"https:\/\/obp.cat\/wp-content\/uploads\/2025\/10\/1.jpg\" alt=\"\" width=\"2000\" height=\"1545\" srcset=\"https:\/\/obp.cat\/wp-content\/uploads\/2025\/10\/1.jpg 2000w, https:\/\/obp.cat\/wp-content\/uploads\/2025\/10\/1-300x232.jpg 300w, https:\/\/obp.cat\/wp-content\/uploads\/2025\/10\/1-1024x791.jpg 1024w, https:\/\/obp.cat\/wp-content\/uploads\/2025\/10\/1-768x593.jpg 768w, https:\/\/obp.cat\/wp-content\/uploads\/2025\/10\/1-1536x1187.jpg 1536w, https:\/\/obp.cat\/wp-content\/uploads\/2025\/10\/1-676x522.jpg 676w\" sizes=\"auto, (max-width: 2000px) 100vw, 2000px\" \/><\/p>\n<p><img loading=\"lazy\" decoding=\"async\" class=\"alignnone size-full wp-image-226\" src=\"https:\/\/obp.cat\/wp-content\/uploads\/2025\/10\/2.jpg\" alt=\"\" width=\"2000\" height=\"1545\" srcset=\"https:\/\/obp.cat\/wp-content\/uploads\/2025\/10\/2.jpg 2000w, https:\/\/obp.cat\/wp-content\/uploads\/2025\/10\/2-300x232.jpg 300w, https:\/\/obp.cat\/wp-content\/uploads\/2025\/10\/2-1024x791.jpg 1024w, https:\/\/obp.cat\/wp-content\/uploads\/2025\/10\/2-768x593.jpg 768w, https:\/\/obp.cat\/wp-content\/uploads\/2025\/10\/2-1536x1187.jpg 1536w, https:\/\/obp.cat\/wp-content\/uploads\/2025\/10\/2-676x522.jpg 676w\" sizes=\"auto, (max-width: 2000px) 100vw, 2000px\" \/><\/p>\n","protected":false},"excerpt":{"rendered":"<p>El pr\u00f2xim diumenge 26 d&#8217;octubre, gran diada a Montserrat per celebrar els 75 anys de la nostra Instituci\u00f3 en el marc del Mil\u00b7lenari. La cobla Vila d&#8217;Olesa, estrenar\u00e0 una sardana de Josep Cass\u00fa durant la ballada, una composici\u00f3 que porta per t\u00edtol &#8216;Festejant 75 anys a Montserrat&#8217;. Us hi esperem! M\u00e9s informaci\u00f3 en aquesta not\u00edcia: [&hellip;]<\/p>\n","protected":false},"author":1,"featured_media":0,"comment_status":"closed","ping_status":"closed","sticky":false,"template":"","format":"standard","meta":{"footnotes":""},"categories":[1],"tags":[],"class_list":["post-224","post","type-post","status-publish","format-standard","hentry","category-uncategorized","post-preview"],"_links":{"self":[{"href":"https:\/\/obp.cat\/index.php\/wp-json\/wp\/v2\/posts\/224","targetHints":{"allow":["GET"]}}],"collection":[{"href":"https:\/\/obp.cat\/index.php\/wp-json\/wp\/v2\/posts"}],"about":[{"href":"https:\/\/obp.cat\/index.php\/wp-json\/wp\/v2\/types\/post"}],"author":[{"embeddable":true,"href":"https:\/\/obp.cat\/index.php\/wp-json\/wp\/v2\/users\/1"}],"replies":[{"embeddable":true,"href":"https:\/\/obp.cat\/index.php\/wp-json\/wp\/v2\/comments?post=224"}],"version-history":[{"count":2,"href":"https:\/\/obp.cat\/index.php\/wp-json\/wp\/v2\/posts\/224\/revisions"}],"predecessor-version":[{"id":228,"href":"https:\/\/obp.cat\/index.php\/wp-json\/wp\/v2\/posts\/224\/revisions\/228"}],"wp:attachment":[{"href":"https:\/\/obp.cat\/index.php\/wp-json\/wp\/v2\/media?parent=224"}],"wp:term":[{"taxonomy":"category","embeddable":true,"href":"https:\/\/obp.cat\/index.php\/wp-json\/wp\/v2\/categories?post=224"},{"taxonomy":"post_tag","embeddable":true,"href":"https:\/\/obp.cat\/index.php\/wp-json\/wp\/v2\/tags?post=224"}],"curies":[{"name":"wp","href":"https:\/\/api.w.org\/{rel}","templated":true}]}}