{"id":220,"date":"2025-09-23T08:13:52","date_gmt":"2025-09-23T08:13:52","guid":{"rendered":"https:\/\/obp.cat\/?p=220"},"modified":"2025-09-23T08:31:10","modified_gmt":"2025-09-23T08:31:10","slug":"festival-desbarts-a-barcelona","status":"publish","type":"post","link":"https:\/\/obp.cat\/index.php\/2025\/09\/23\/festival-desbarts-a-barcelona\/","title":{"rendered":"Festival d&#8217;esbarts a Barcelona"},"content":{"rendered":"<p>El Festival amb motiu dels 75 anys de l&#8217;Obra del Ballet Popular ja \u00e9s una realitat i un dels actes forts de les festes de la Merc\u00e8 amb la participaci\u00f3 de 20 esbarts que a continuaci\u00f3 ressenyem que ballaran al so de les cobles Maricel i Sant Jordi &#8211; Ciutat de Barcelona. Us hi esperem!<\/p>\n<p>1.- Esbart Manres\u00e0<br \/>\n2.- Esbart Eudald Coma<br \/>\n3.- Grup de Dansa Vilanova i la Geltr\u00fa<br \/>\n4.- Dansaires Manresans<br \/>\n5.- Rosa del Vents<br \/>\n6.- Dansaires Pastorets de Balsareny<br \/>\n7.- Esbart Rocasagna<br \/>\n8.- Agrupaci\u00f3 Folkl\u00f2rica Igualadina<br \/>\n9.- Esbart Dansajove i Bastoners de Nav\u00e0s<br \/>\n10.- Esbart Dansaire Castell de Tona<\/p>\n<p>11.- Esbart Sant Jordi de Badalona<br \/>\n12.- Esbart Dansaire de Rub\u00ed<br \/>\n13.- Esbart Vila de Gr\u00e0cia<br \/>\n14.- Esbart Joventut Nostra<br \/>\n15.- Ballets de Catalunya<br \/>\n16.- Esbart Ciutat Comtal<br \/>\n17.- Esbart Gaud\u00ed<br \/>\n18.- Esbart Sant Jordi de Barcelona<br \/>\n19.- Esbart Sant Mart\u00ed de Barcelona<br \/>\n20.- Esbart Catal\u00e0 de Dansaires<\/p>\n<p><img loading=\"lazy\" decoding=\"async\" class=\"alignnone size-full wp-image-221\" src=\"https:\/\/obp.cat\/wp-content\/uploads\/2025\/09\/CARTELLFESTIVAL25.jpg\" alt=\"\" width=\"1754\" height=\"2481\" srcset=\"https:\/\/obp.cat\/wp-content\/uploads\/2025\/09\/CARTELLFESTIVAL25.jpg 1754w, https:\/\/obp.cat\/wp-content\/uploads\/2025\/09\/CARTELLFESTIVAL25-212x300.jpg 212w, https:\/\/obp.cat\/wp-content\/uploads\/2025\/09\/CARTELLFESTIVAL25-724x1024.jpg 724w, https:\/\/obp.cat\/wp-content\/uploads\/2025\/09\/CARTELLFESTIVAL25-768x1086.jpg 768w, https:\/\/obp.cat\/wp-content\/uploads\/2025\/09\/CARTELLFESTIVAL25-1086x1536.jpg 1086w, https:\/\/obp.cat\/wp-content\/uploads\/2025\/09\/CARTELLFESTIVAL25-1448x2048.jpg 1448w, https:\/\/obp.cat\/wp-content\/uploads\/2025\/09\/CARTELLFESTIVAL25-676x956.jpg 676w\" sizes=\"auto, (max-width: 1754px) 100vw, 1754px\" \/><\/p>\n","protected":false},"excerpt":{"rendered":"<p>El Festival amb motiu dels 75 anys de l&#8217;Obra del Ballet Popular ja \u00e9s una realitat i un dels actes forts de les festes de la Merc\u00e8 amb la participaci\u00f3 de 20 esbarts que a continuaci\u00f3 ressenyem que ballaran al so de les cobles Maricel i Sant Jordi &#8211; Ciutat de Barcelona. Us hi esperem! [&hellip;]<\/p>\n","protected":false},"author":1,"featured_media":0,"comment_status":"closed","ping_status":"closed","sticky":false,"template":"","format":"standard","meta":{"footnotes":""},"categories":[1],"tags":[],"class_list":["post-220","post","type-post","status-publish","format-standard","hentry","category-uncategorized","post-preview"],"_links":{"self":[{"href":"https:\/\/obp.cat\/index.php\/wp-json\/wp\/v2\/posts\/220","targetHints":{"allow":["GET"]}}],"collection":[{"href":"https:\/\/obp.cat\/index.php\/wp-json\/wp\/v2\/posts"}],"about":[{"href":"https:\/\/obp.cat\/index.php\/wp-json\/wp\/v2\/types\/post"}],"author":[{"embeddable":true,"href":"https:\/\/obp.cat\/index.php\/wp-json\/wp\/v2\/users\/1"}],"replies":[{"embeddable":true,"href":"https:\/\/obp.cat\/index.php\/wp-json\/wp\/v2\/comments?post=220"}],"version-history":[{"count":1,"href":"https:\/\/obp.cat\/index.php\/wp-json\/wp\/v2\/posts\/220\/revisions"}],"predecessor-version":[{"id":222,"href":"https:\/\/obp.cat\/index.php\/wp-json\/wp\/v2\/posts\/220\/revisions\/222"}],"wp:attachment":[{"href":"https:\/\/obp.cat\/index.php\/wp-json\/wp\/v2\/media?parent=220"}],"wp:term":[{"taxonomy":"category","embeddable":true,"href":"https:\/\/obp.cat\/index.php\/wp-json\/wp\/v2\/categories?post=220"},{"taxonomy":"post_tag","embeddable":true,"href":"https:\/\/obp.cat\/index.php\/wp-json\/wp\/v2\/tags?post=220"}],"curies":[{"name":"wp","href":"https:\/\/api.w.org\/{rel}","templated":true}]}}