{"id":197,"date":"2025-03-13T12:56:47","date_gmt":"2025-03-13T12:56:47","guid":{"rendered":"https:\/\/obp.cat\/?p=197"},"modified":"2025-03-13T13:04:27","modified_gmt":"2025-03-13T13:04:27","slug":"els-esbarts-amb-el-millenari-de-montserrat","status":"publish","type":"post","link":"https:\/\/obp.cat\/index.php\/2025\/03\/13\/els-esbarts-amb-el-millenari-de-montserrat\/","title":{"rendered":"Els esbarts amb el mil\u00b7lenari de Montserrat"},"content":{"rendered":"<p><strong>Els esbarts celebrem el Mil\u00b7lenari de Montserrat<\/strong><\/p>\n<p>Aquest any se celebra el mil\u00b7lenari de la pres\u00e8ncia de monjos a Montserrat. Els esbarts ens afegim, com moltes altres entitats de cultura popular, a aquesta celebraci\u00f3 amb 5 actes organitzats conjuntament entre l\u2019Agrupament d\u2019Esbarts i l\u2019Obra del Ballet Popular el proper 15 i 16 de mar\u00e7 a Montserrat.<\/p>\n<p><strong>Dissabte 15 de mar\u00e7 a les 15 h:\u00a0Mostra de\u00a0Moixigangues\u00a0dins la Bas\u00edlica<\/strong><\/p>\n<ul>\n<li style=\"list-style-type: none;\">\n<ul>\n<li style=\"list-style-type: none;\">\n<ul>\n<li>Moixiganga de Sitges per l&#8217;Esbart Sant Jordi de Barcelona<\/li>\n<li>Muixeranga d&#8217;Algemes\u00ed per l&#8217;esbart Sant Mart\u00ed de Barcelona<\/li>\n<li>Moixiganga d&#8217;Olesa per l&#8217;Esbart Oles\u00e0<\/li>\n<li>Moixiganga de Lleida per l&#8217;Esbart S\u00edcoris de Lleida<\/li>\n<\/ul>\n<\/li>\n<\/ul>\n<\/li>\n<\/ul>\n<p><strong>Dissabte 15 de mar\u00e7 a les 16:30 h: trobada de colles veteranes a la pla\u00e7a de Santa Maria. Cobla Marinada dirigida per Joan G\u00f3mez.<\/strong><\/p>\n<ul>\n<li style=\"list-style-type: none;\">\n<ul>\n<li>Esbart Dansaire Castell de Tona<\/li>\n<li>Esbart Dansaire de Granollers<\/li>\n<li>Esbart Dansaire de Tarragona<\/li>\n<li>Esbart Egarenc de Terrassa<\/li>\n<li>Esbart Joaquim Ruyra<\/li>\n<li>Esbart Rocasagna de Gelida<\/li>\n<li>Esbart Rosa dels Vents de Vilanova del Vall\u00e8s<\/li>\n<li>Esbart Sant Jordi de Badalona<\/li>\n<li>Esbart Sant Mart\u00ed de Barcelona<\/li>\n<li>Veterans de l&#8217;Agrupaci\u00f3 Folkl\u00f2rica Igualadina<\/li>\n<\/ul>\n<\/li>\n<\/ul>\n<p><strong>Ballaran:<\/strong> Quadrilla de Granollers, Ball pla d&#8217;Aliny\u00e0, Bolangera del Pallars, Danses de Vilanova, Farandola Proven\u00e7al, Ball pla de Llavaneres, Bolero de Torrent, Parado de Valldemosa, Eth Cadril, Jota d&#8217;Asc\u00f3, Ball pla 98.<\/p>\n<p>Diumenge 16 de mar\u00e7 a les 10 h:\u00a0<strong>Ballada simult\u00e0nia<\/strong>:<\/p>\n<p><strong>A diferents punts al voltant del Monestir els esbarts seg\u00fcents ballaran simult\u00e0niament:<\/strong><\/p>\n<ul>\n<li style=\"list-style-type: none;\">\n<ul>\n<li style=\"list-style-type: none;\">\n<ul>\n<li>Casal Cultural Dansaires Manresans de Manresa<\/li>\n<li>Esbart Albada de T\u00e0rrega<\/li>\n<li>Esbart Catal\u00e0 de Dansaires<\/li>\n<li>Esbart Dansaire de Granollers<\/li>\n<li>Esbart Egarenc de Terrassa<\/li>\n<li>Esbart Gaud\u00ed de Barcelona<\/li>\n<li>Esbart Oles\u00e0 d&#8217;Olesa de Montserrat<\/li>\n<li>Esbart Sant Jordi-Joventut Nostra de Barcelona<\/li>\n<li>Esbart Sant Juli\u00e0 de l&#8217;Arbo\u00e7<\/li>\n<li>Esbart Vila de Gr\u00e0cia<\/li>\n<li>Esbart Sant Mart\u00ed de Barcelona<\/li>\n<li>Esbart Sant Mart\u00ed de l&#8217;Ateneu Torrellenc<\/li>\n<li>Esbart Rocasagna de Gelida<\/li>\n<li>Esbart Rosa d&#8217;Abril de Castellter\u00e7ol<\/li>\n<li>Grup de Dansa de Vilanova i la Geltr\u00fa<\/li>\n<li>Grup Mediterr\u00e0nia de Sant Cugat<\/li>\n<\/ul>\n<\/li>\n<\/ul>\n<\/li>\n<\/ul>\n<p>Durant la Missa conventual, a les 11 h<\/p>\n<p>S&#8217;oferir\u00e0 el\u00a0<strong>Ball d&#8217;Homenatge<\/strong>\u00a0a la Moreneta.<\/p>\n<p><strong>\u00a0A les 12:30 h trobada de cossos de dansa a la pla\u00e7a de Santa Maria. Cobla Ciutat de Granollers, dirigida per Joan G\u00f3mez.<\/strong><\/p>\n<ul>\n<li style=\"list-style-type: none;\">\n<ul>\n<li style=\"list-style-type: none;\">\n<ul>\n<li>Agrupaci\u00f3 Folkl\u00f2rica Igualadina<\/li>\n<li>Casal Cultural Dansaires Manresans<\/li>\n<li>Esbart Albada de T\u00e0rrega<\/li>\n<li>Esbart Catal\u00e0 de Dansaires de Barcelona<\/li>\n<li>Esbart Egarenc de Terrassa<\/li>\n<li>Esbart Dansaire de Granollers<\/li>\n<li>Esbart Oles\u00e0 d&#8217;Olesa de Montserrat<\/li>\n<li>Esbart Rocasagna de Gelida<\/li>\n<li>Esbart Rosa d&#8217;Abril de Castellter\u00e7ol<\/li>\n<li>Esbart Sant Jordi de Badalona<\/li>\n<li>Esbart Sant Jordi-Joventut Nostra<\/li>\n<li>Esbart Sant Juli\u00e0 de l&#8217;Arbo\u00e7<\/li>\n<li>Esbart Sant Mart\u00ed de Barcelona<\/li>\n<li>Esbart Sant Mart\u00ed de l&#8217;Ateneu Torrellenc<\/li>\n<li>Grup de Dansa de Vilanova i la Geltr\u00fa<\/li>\n<\/ul>\n<\/li>\n<\/ul>\n<\/li>\n<\/ul>\n<p><strong>Ballaran:<\/strong>\u00a0La Dansa de Castellter\u00e7ol, Ball del C\u00f3rrer, Farandola de la can\u00e7\u00f3 d&#8217;amor i de guerra, Eth Cadril, Parado de Valldemossa, Ball cerd\u00e0 de Tremp, Galop de panderetes, Ball del Vall\u00e8s, Contrap\u00e0s de Sant Gen\u00eds, Majorales d&#8217;Horta de Sant Joan i\u00a0la Bolangera de Manresa (tots els esbarts junts).<\/p>\n<p><img loading=\"lazy\" decoding=\"async\" class=\"alignnone size-full wp-image-198\" src=\"https:\/\/obp.cat\/wp-content\/uploads\/2025\/03\/logo-millenari-monestir-montserrat.png\" alt=\"\" width=\"1320\" height=\"769\" srcset=\"https:\/\/obp.cat\/wp-content\/uploads\/2025\/03\/logo-millenari-monestir-montserrat.png 1320w, https:\/\/obp.cat\/wp-content\/uploads\/2025\/03\/logo-millenari-monestir-montserrat-300x175.png 300w, https:\/\/obp.cat\/wp-content\/uploads\/2025\/03\/logo-millenari-monestir-montserrat-1024x597.png 1024w, https:\/\/obp.cat\/wp-content\/uploads\/2025\/03\/logo-millenari-monestir-montserrat-768x447.png 768w, https:\/\/obp.cat\/wp-content\/uploads\/2025\/03\/logo-millenari-monestir-montserrat-676x394.png 676w\" sizes=\"auto, (max-width: 1320px) 100vw, 1320px\" \/><\/p>\n","protected":false},"excerpt":{"rendered":"<p>Els esbarts celebrem el Mil\u00b7lenari de Montserrat Aquest any se celebra el mil\u00b7lenari de la pres\u00e8ncia de monjos a Montserrat. Els esbarts ens afegim, com moltes altres entitats de cultura popular, a aquesta celebraci\u00f3 amb 5 actes organitzats conjuntament entre l\u2019Agrupament d\u2019Esbarts i l\u2019Obra del Ballet Popular el proper 15 i 16 de mar\u00e7 a [&hellip;]<\/p>\n","protected":false},"author":1,"featured_media":198,"comment_status":"closed","ping_status":"closed","sticky":false,"template":"","format":"standard","meta":{"footnotes":""},"categories":[1],"tags":[],"class_list":["post-197","post","type-post","status-publish","format-standard","has-post-thumbnail","hentry","category-uncategorized","post-preview"],"_links":{"self":[{"href":"https:\/\/obp.cat\/index.php\/wp-json\/wp\/v2\/posts\/197","targetHints":{"allow":["GET"]}}],"collection":[{"href":"https:\/\/obp.cat\/index.php\/wp-json\/wp\/v2\/posts"}],"about":[{"href":"https:\/\/obp.cat\/index.php\/wp-json\/wp\/v2\/types\/post"}],"author":[{"embeddable":true,"href":"https:\/\/obp.cat\/index.php\/wp-json\/wp\/v2\/users\/1"}],"replies":[{"embeddable":true,"href":"https:\/\/obp.cat\/index.php\/wp-json\/wp\/v2\/comments?post=197"}],"version-history":[{"count":2,"href":"https:\/\/obp.cat\/index.php\/wp-json\/wp\/v2\/posts\/197\/revisions"}],"predecessor-version":[{"id":201,"href":"https:\/\/obp.cat\/index.php\/wp-json\/wp\/v2\/posts\/197\/revisions\/201"}],"wp:featuredmedia":[{"embeddable":true,"href":"https:\/\/obp.cat\/index.php\/wp-json\/wp\/v2\/media\/198"}],"wp:attachment":[{"href":"https:\/\/obp.cat\/index.php\/wp-json\/wp\/v2\/media?parent=197"}],"wp:term":[{"taxonomy":"category","embeddable":true,"href":"https:\/\/obp.cat\/index.php\/wp-json\/wp\/v2\/categories?post=197"},{"taxonomy":"post_tag","embeddable":true,"href":"https:\/\/obp.cat\/index.php\/wp-json\/wp\/v2\/tags?post=197"}],"curies":[{"name":"wp","href":"https:\/\/api.w.org\/{rel}","templated":true}]}}