{"id":168,"date":"2024-04-17T16:24:57","date_gmt":"2024-04-17T16:24:57","guid":{"rendered":"https:\/\/obp.cat\/?p=168"},"modified":"2024-04-17T16:25:25","modified_gmt":"2024-04-17T16:25:25","slug":"defuncio-de-juli-peinado","status":"publish","type":"post","link":"https:\/\/obp.cat\/index.php\/2024\/04\/17\/defuncio-de-juli-peinado\/","title":{"rendered":"Defunci\u00f3 de Juli Peinado"},"content":{"rendered":"<p>Mor Juli Peinado, expresident de l\u2019Obra del Ballet Popular<\/p>\n<p>La matinada de dimecres 17 d\u2019abril ha mort a l\u2019edat de 78 anys Juli Peinado, activista del m\u00f3n de la sardana, estretament vinculat amb l\u2019Agrupaci\u00f3 Sardanista Malgratenca la Barretina, presidida actualment per la seva esposa, Montserrat Clap\u00e9s. Peinado tamb\u00e9 va ser vocal de junta de la Federaci\u00f3 Sardanista de Catalunya sota la presid\u00e8ncia de Bartomeu Duran. L\u2019any 2017 va assumir la presid\u00e8ncia de l\u2019Obra del Ballet Popular, c\u00e0rrec que va exercir fins l\u2019any 2021.<br \/>\nA l\u2019actualitat, Juli Peinado era vocal de la junta l\u2019Agrupaci\u00f3 Sardanista Malgratenca la Barretina, de Malgrat de Mar. La vetlla ser\u00e0 al tanatori de Pineda de Mar dem\u00e0 dijous de 10 a 12 i l\u2019enterrament a les 13 hores a l&#8217;esgl\u00e9sia parroquial de Sant Nicolau de Malgrat de mar.<\/p>\n<p><img loading=\"lazy\" decoding=\"async\" class=\"alignnone wp-image-169 size-full\" src=\"https:\/\/obp.cat\/wp-content\/uploads\/2024\/04\/Juli.jpg\" alt=\"\" width=\"956\" height=\"629\" srcset=\"https:\/\/obp.cat\/wp-content\/uploads\/2024\/04\/Juli.jpg 956w, https:\/\/obp.cat\/wp-content\/uploads\/2024\/04\/Juli-300x197.jpg 300w, https:\/\/obp.cat\/wp-content\/uploads\/2024\/04\/Juli-768x505.jpg 768w, https:\/\/obp.cat\/wp-content\/uploads\/2024\/04\/Juli-676x445.jpg 676w\" sizes=\"auto, (max-width: 956px) 100vw, 956px\" \/><\/p>\n<p>&nbsp;<\/p>\n","protected":false},"excerpt":{"rendered":"<p>Mor Juli Peinado, expresident de l\u2019Obra del Ballet Popular La matinada de dimecres 17 d\u2019abril ha mort a l\u2019edat de 78 anys Juli Peinado, activista del m\u00f3n de la sardana, estretament vinculat amb l\u2019Agrupaci\u00f3 Sardanista Malgratenca la Barretina, presidida actualment per la seva esposa, Montserrat Clap\u00e9s. Peinado tamb\u00e9 va ser vocal de junta de la [&hellip;]<\/p>\n","protected":false},"author":1,"featured_media":0,"comment_status":"open","ping_status":"open","sticky":false,"template":"","format":"standard","meta":{"footnotes":""},"categories":[1],"tags":[],"class_list":["post-168","post","type-post","status-publish","format-standard","hentry","category-uncategorized","post-preview"],"_links":{"self":[{"href":"https:\/\/obp.cat\/index.php\/wp-json\/wp\/v2\/posts\/168","targetHints":{"allow":["GET"]}}],"collection":[{"href":"https:\/\/obp.cat\/index.php\/wp-json\/wp\/v2\/posts"}],"about":[{"href":"https:\/\/obp.cat\/index.php\/wp-json\/wp\/v2\/types\/post"}],"author":[{"embeddable":true,"href":"https:\/\/obp.cat\/index.php\/wp-json\/wp\/v2\/users\/1"}],"replies":[{"embeddable":true,"href":"https:\/\/obp.cat\/index.php\/wp-json\/wp\/v2\/comments?post=168"}],"version-history":[{"count":1,"href":"https:\/\/obp.cat\/index.php\/wp-json\/wp\/v2\/posts\/168\/revisions"}],"predecessor-version":[{"id":170,"href":"https:\/\/obp.cat\/index.php\/wp-json\/wp\/v2\/posts\/168\/revisions\/170"}],"wp:attachment":[{"href":"https:\/\/obp.cat\/index.php\/wp-json\/wp\/v2\/media?parent=168"}],"wp:term":[{"taxonomy":"category","embeddable":true,"href":"https:\/\/obp.cat\/index.php\/wp-json\/wp\/v2\/categories?post=168"},{"taxonomy":"post_tag","embeddable":true,"href":"https:\/\/obp.cat\/index.php\/wp-json\/wp\/v2\/tags?post=168"}],"curies":[{"name":"wp","href":"https:\/\/api.w.org\/{rel}","templated":true}]}}